{"id":204,"date":"2023-02-13T12:58:21","date_gmt":"2023-02-13T12:58:21","guid":{"rendered":"https:\/\/andreacatelli.it\/?p=204"},"modified":"2023-02-13T12:58:21","modified_gmt":"2023-02-13T12:58:21","slug":"sanita-e-vaccini-per-la-corte-costituzionale-lobbligo-vaccinale-imposto-al-personale-sanitario-e-ragionevole-e-proporzionato","status":"publish","type":"post","link":"https:\/\/andreacatelli.it\/?p=204","title":{"rendered":"Sanit\u00e0 e vaccini: per la Corte Costituzionale l&#8217;obbligo vaccinale imposto al personale sanitario \u00e8 ragionevole e proporzionato"},"content":{"rendered":"<p>Dopo il comunicato stampa del 1\u00b0 dicembre 2022, che annunciava il rigetto delle diverse questioni di legittimit\u00e0 costituzionale concernenti l&#8217;obbligo vaccinale contro il Covid-19, il 9 febbraio 2023 sono state depositate le motivazioni delle tre sentenze pronunciate dalla Corte Costituzionale.<\/p>\n<p>La Corte ha ritenuto che la scelta assunta dal legislatore non sia n\u00e9 irragionevole n\u00e9 sproporzionata alla luce della situazione epidemiologica e dei dati forniti dalle autorit\u00e0 scientifico-sanitarie in merito alla sicurezza e all&#8217;efficacia dei vaccini.<\/p>\n<p><a href=\"https:\/\/ldalegal.us11.list-manage.com\/track\/click?u=a104a49fc41214b7a3555ed58&amp;id=84541a60e5&amp;e=1313339de4\" target=\"_blank\" rel=\"noopener\"><strong>[leggi tutto]<\/strong><\/a><\/p>\n","protected":false},"excerpt":{"rendered":"<p>Dopo il comunicato stampa del 1\u00b0 dicembre 2022, che annunciava il rigetto delle diverse questioni di legittimit\u00e0 costituzionale concernenti l&#8217;obbligo vaccinale contro il Covid-19, il 9 febbraio 2023 sono state depositate le motivazioni delle tre sentenze pronunciate dalla Corte Costituzionale. La Corte ha ritenuto che la scelta assunta dal legislatore non sia n\u00e9 irragionevole n\u00e9 &hellip; <\/p>\n<p class=\"link-more\"><a href=\"https:\/\/andreacatelli.it\/?p=204\" class=\"more-link\">Leggi tutto<span class=\"screen-reader-text\"> &#8220;Sanit\u00e0 e vaccini: per la Corte Costituzionale l&#8217;obbligo vaccinale imposto al personale sanitario \u00e8 ragionevole e proporzionato&#8221;<\/span><\/a><\/p>\n","protected":false},"author":1,"featured_media":0,"comment_status":"open","ping_status":"open","sticky":false,"template":"","format":"standard","meta":{"footnotes":""},"categories":[6],"tags":[8,9,7],"class_list":["post-204","post","type-post","status-publish","format-standard","hentry","category-sanita","tag-obbligo","tag-personale","tag-vaccini"],"yoast_head":"<!-- This site is optimized with the Yoast SEO plugin v20.2.1 - https:\/\/yoast.com\/wordpress\/plugins\/seo\/ -->\n<title>Sanit\u00e0 e vaccini: per la Corte Costituzionale l&#039;obbligo vaccinale imposto al personale sanitario \u00e8 ragionevole e proporzionato - Coaching, formazione, consulenza<\/title>\n<meta name=\"robots\" content=\"index, follow, max-snippet:-1, max-image-preview:large, max-video-preview:-1\" \/>\n<link rel=\"canonical\" href=\"https:\/\/andreacatelli.it\/?p=204\" \/>\n<meta property=\"og:locale\" content=\"it_IT\" \/>\n<meta property=\"og:type\" content=\"article\" \/>\n<meta property=\"og:title\" content=\"Sanit\u00e0 e vaccini: per la Corte Costituzionale l&#039;obbligo vaccinale imposto al personale sanitario \u00e8 ragionevole e proporzionato - Coaching, formazione, consulenza\" \/>\n<meta property=\"og:description\" content=\"Dopo il comunicato stampa del 1\u00b0 dicembre 2022, che annunciava il rigetto delle diverse questioni di legittimit\u00e0 costituzionale concernenti l&#8217;obbligo vaccinale contro il Covid-19, il 9 febbraio 2023 sono state depositate le motivazioni delle tre sentenze pronunciate dalla Corte Costituzionale. La Corte ha ritenuto che la scelta assunta dal legislatore non sia n\u00e9 irragionevole n\u00e9 &hellip; Leggi tutto &quot;Sanit\u00e0 e vaccini: per la Corte Costituzionale l&#8217;obbligo vaccinale imposto al personale sanitario \u00e8 ragionevole e proporzionato&quot;\" \/>\n<meta property=\"og:url\" content=\"https:\/\/andreacatelli.it\/?p=204\" \/>\n<meta property=\"og:site_name\" content=\"Coaching, formazione, consulenza\" \/>\n<meta property=\"article:published_time\" content=\"2023-02-13T12:58:21+00:00\" \/>\n<meta name=\"author\" content=\"admin\" \/>\n<meta name=\"twitter:card\" content=\"summary_large_image\" \/>\n<meta name=\"twitter:label1\" content=\"Scritto da\" \/>\n\t<meta name=\"twitter:data1\" content=\"admin\" \/>\n<script type=\"application\/ld+json\" class=\"yoast-schema-graph\">{\"@context\":\"https:\/\/schema.org\",\"@graph\":[{\"@type\":\"WebPage\",\"@id\":\"https:\/\/andreacatelli.it\/?p=204\",\"url\":\"https:\/\/andreacatelli.it\/?p=204\",\"name\":\"Sanit\u00e0 e vaccini: per la Corte Costituzionale l'obbligo vaccinale imposto al personale sanitario \u00e8 ragionevole e proporzionato - Coaching, formazione, consulenza\",\"isPartOf\":{\"@id\":\"https:\/\/andreacatelli.it\/#website\"},\"datePublished\":\"2023-02-13T12:58:21+00:00\",\"dateModified\":\"2023-02-13T12:58:21+00:00\",\"author\":{\"@id\":\"https:\/\/andreacatelli.it\/#\/schema\/person\/ad750b744e8f004cdc6bce433b4c7478\"},\"breadcrumb\":{\"@id\":\"https:\/\/andreacatelli.it\/?p=204#breadcrumb\"},\"inLanguage\":\"it-IT\",\"potentialAction\":[{\"@type\":\"ReadAction\",\"target\":[\"https:\/\/andreacatelli.it\/?p=204\"]}]},{\"@type\":\"BreadcrumbList\",\"@id\":\"https:\/\/andreacatelli.it\/?p=204#breadcrumb\",\"itemListElement\":[{\"@type\":\"ListItem\",\"position\":1,\"name\":\"Home\",\"item\":\"https:\/\/andreacatelli.it\/\"},{\"@type\":\"ListItem\",\"position\":2,\"name\":\"Sanit\u00e0 e vaccini: per la Corte Costituzionale l&#8217;obbligo vaccinale imposto al personale sanitario \u00e8 ragionevole e proporzionato\"}]},{\"@type\":\"WebSite\",\"@id\":\"https:\/\/andreacatelli.it\/#website\",\"url\":\"https:\/\/andreacatelli.it\/\",\"name\":\"Coaching, formazione, consulenza\",\"description\":\"Sviluppa il tuo talento e le potenzialit\u00e0 della tua organizzazione\",\"potentialAction\":[{\"@type\":\"SearchAction\",\"target\":{\"@type\":\"EntryPoint\",\"urlTemplate\":\"https:\/\/andreacatelli.it\/?s={search_term_string}\"},\"query-input\":\"required name=search_term_string\"}],\"inLanguage\":\"it-IT\"},{\"@type\":\"Person\",\"@id\":\"https:\/\/andreacatelli.it\/#\/schema\/person\/ad750b744e8f004cdc6bce433b4c7478\",\"name\":\"admin\",\"sameAs\":[\"https:\/\/andreacatelli.it\"],\"url\":\"https:\/\/andreacatelli.it\/?author=1\"}]}<\/script>\n<!-- \/ Yoast SEO plugin. -->","yoast_head_json":{"title":"Sanit\u00e0 e vaccini: per la Corte Costituzionale l'obbligo vaccinale imposto al personale sanitario \u00e8 ragionevole e proporzionato - Coaching, formazione, consulenza","robots":{"index":"index","follow":"follow","max-snippet":"max-snippet:-1","max-image-preview":"max-image-preview:large","max-video-preview":"max-video-preview:-1"},"canonical":"https:\/\/andreacatelli.it\/?p=204","og_locale":"it_IT","og_type":"article","og_title":"Sanit\u00e0 e vaccini: per la Corte Costituzionale l'obbligo vaccinale imposto al personale sanitario \u00e8 ragionevole e proporzionato - Coaching, formazione, consulenza","og_description":"Dopo il comunicato stampa del 1\u00b0 dicembre 2022, che annunciava il rigetto delle diverse questioni di legittimit\u00e0 costituzionale concernenti l&#8217;obbligo vaccinale contro il Covid-19, il 9 febbraio 2023 sono state depositate le motivazioni delle tre sentenze pronunciate dalla Corte Costituzionale. La Corte ha ritenuto che la scelta assunta dal legislatore non sia n\u00e9 irragionevole n\u00e9 &hellip; Leggi tutto \"Sanit\u00e0 e vaccini: per la Corte Costituzionale l&#8217;obbligo vaccinale imposto al personale sanitario \u00e8 ragionevole e proporzionato\"","og_url":"https:\/\/andreacatelli.it\/?p=204","og_site_name":"Coaching, formazione, consulenza","article_published_time":"2023-02-13T12:58:21+00:00","author":"admin","twitter_card":"summary_large_image","twitter_misc":{"Scritto da":"admin"},"schema":{"@context":"https:\/\/schema.org","@graph":[{"@type":"WebPage","@id":"https:\/\/andreacatelli.it\/?p=204","url":"https:\/\/andreacatelli.it\/?p=204","name":"Sanit\u00e0 e vaccini: per la Corte Costituzionale l'obbligo vaccinale imposto al personale sanitario \u00e8 ragionevole e proporzionato - Coaching, formazione, consulenza","isPartOf":{"@id":"https:\/\/andreacatelli.it\/#website"},"datePublished":"2023-02-13T12:58:21+00:00","dateModified":"2023-02-13T12:58:21+00:00","author":{"@id":"https:\/\/andreacatelli.it\/#\/schema\/person\/ad750b744e8f004cdc6bce433b4c7478"},"breadcrumb":{"@id":"https:\/\/andreacatelli.it\/?p=204#breadcrumb"},"inLanguage":"it-IT","potentialAction":[{"@type":"ReadAction","target":["https:\/\/andreacatelli.it\/?p=204"]}]},{"@type":"BreadcrumbList","@id":"https:\/\/andreacatelli.it\/?p=204#breadcrumb","itemListElement":[{"@type":"ListItem","position":1,"name":"Home","item":"https:\/\/andreacatelli.it\/"},{"@type":"ListItem","position":2,"name":"Sanit\u00e0 e vaccini: per la Corte Costituzionale l&#8217;obbligo vaccinale imposto al personale sanitario \u00e8 ragionevole e proporzionato"}]},{"@type":"WebSite","@id":"https:\/\/andreacatelli.it\/#website","url":"https:\/\/andreacatelli.it\/","name":"Coaching, formazione, consulenza","description":"Sviluppa il tuo talento e le potenzialit\u00e0 della tua organizzazione","potentialAction":[{"@type":"SearchAction","target":{"@type":"EntryPoint","urlTemplate":"https:\/\/andreacatelli.it\/?s={search_term_string}"},"query-input":"required name=search_term_string"}],"inLanguage":"it-IT"},{"@type":"Person","@id":"https:\/\/andreacatelli.it\/#\/schema\/person\/ad750b744e8f004cdc6bce433b4c7478","name":"admin","sameAs":["https:\/\/andreacatelli.it"],"url":"https:\/\/andreacatelli.it\/?author=1"}]}},"_links":{"self":[{"href":"https:\/\/andreacatelli.it\/index.php?rest_route=\/wp\/v2\/posts\/204","targetHints":{"allow":["GET"]}}],"collection":[{"href":"https:\/\/andreacatelli.it\/index.php?rest_route=\/wp\/v2\/posts"}],"about":[{"href":"https:\/\/andreacatelli.it\/index.php?rest_route=\/wp\/v2\/types\/post"}],"author":[{"embeddable":true,"href":"https:\/\/andreacatelli.it\/index.php?rest_route=\/wp\/v2\/users\/1"}],"replies":[{"embeddable":true,"href":"https:\/\/andreacatelli.it\/index.php?rest_route=%2Fwp%2Fv2%2Fcomments&post=204"}],"version-history":[{"count":2,"href":"https:\/\/andreacatelli.it\/index.php?rest_route=\/wp\/v2\/posts\/204\/revisions"}],"predecessor-version":[{"id":206,"href":"https:\/\/andreacatelli.it\/index.php?rest_route=\/wp\/v2\/posts\/204\/revisions\/206"}],"wp:attachment":[{"href":"https:\/\/andreacatelli.it\/index.php?rest_route=%2Fwp%2Fv2%2Fmedia&parent=204"}],"wp:term":[{"taxonomy":"category","embeddable":true,"href":"https:\/\/andreacatelli.it\/index.php?rest_route=%2Fwp%2Fv2%2Fcategories&post=204"},{"taxonomy":"post_tag","embeddable":true,"href":"https:\/\/andreacatelli.it\/index.php?rest_route=%2Fwp%2Fv2%2Ftags&post=204"}],"curies":[{"name":"wp","href":"https:\/\/api.w.org\/{rel}","templated":true}]}}