{"id":336,"date":"2026-03-12T08:00:30","date_gmt":"2026-03-12T08:00:30","guid":{"rendered":"https:\/\/andreacatelli.it\/?p=336"},"modified":"2026-03-12T08:01:11","modified_gmt":"2026-03-12T08:01:11","slug":"336","status":"publish","type":"post","link":"https:\/\/andreacatelli.it\/?p=336","title":{"rendered":"La crescita accompagnata"},"content":{"rendered":"<h1>La mappa non \u00e8 il territorio<\/h1>\n<p><strong><em>Smettila di voler insegnare e inizia ad accompagnare<\/em><\/strong><\/p>\n<p>Quante volte hai sentito un adulto dire a un giovane &#8220;ai miei tempi si faceva cos\u00ec&#8221;? E quante volte hai visto quel giovane chiudersi, annuire e sparire?<\/p>\n<p><strong>Ecco il problema. Non i giovani. Quella frase.<\/strong><\/p>\n<p>Ognuno ha la sua mappa. E va bene cos\u00ec.<\/p>\n<p>Ogni persona, ogni giorno, non percepisce la realt\u00e0 cos\u00ec com&#8217;\u00e8. La filtra. Seleziona ci\u00f2 a cui prestare attenzione, interpreta ci\u00f2 che vede, d\u00e0 valore a ci\u00f2 che sente. E da tutto questo costruisce una rappresentazione del mondo che \u00e8 unica, personale, irripetibile. Quella rappresentazione \u00e8 la sua mappa.<\/p>\n<p>Non \u00e8 n\u00e9 giusta n\u00e9 sbagliata. \u00c8 sua. Ed \u00e8 l&#8217;unica lente attraverso cui pu\u00f2 guardare le cose, prendere decisioni, dare senso a ci\u00f2 che gli accade.<\/p>\n<p>Il costruttivismo parte esattamente da qui: la realt\u00e0 non \u00e8 uguale per tutti. Ognuno la costruisce attraverso le proprie esperienze, relazioni, paure e desideri. Quello che chiami &#8220;buon senso&#8221; \u00e8 solo la tua mappa. Non la verit\u00e0 assoluta.<\/p>\n<p>Un millennial che ha passato vent&#8217;anni a scalare gerarchie aziendali ha una mappa precisa: sacrificio, fedelt\u00e0, pazienza, e poi arriva il riconoscimento. Ma quella mappa \u00e8 stata disegnata in un mondo che non esiste pi\u00f9. Pretendere che un ragazzo di 25 anni la adotti oggi non \u00e8 saggio. \u00c8 solo comodo.<\/p>\n<h3>Alcune storie che mi hanno fatto capire molto: L. aveva 28 anni quando mi ha contattato. Aveva appena lasciato un lavoro &#8220;sicuro&#8221; in una grande azienda e si sentiva in colpa. Sua madre non capiva, il suo capo l&#8217;aveva deluso. Mi ha detto: <em>&#8220;Non so pi\u00f9 chi sono senza quel ruolo.&#8221;<\/em> Non aveva bisogno che qualcuno gli spiegasse cosa fare. Aveva bisogno di qualcuno che lo aiutasse a ritrovare ci\u00f2 che gi\u00e0 sapeva di s\u00e9. Dopo tre mesi di lavoro insieme stava costruendo qualcosa di suo.<\/h3>\n<p><strong>Un\u2019altra cliente<\/strong> invece era bloccata a fine universit\u00e0. Brillante, determinata, eppure paralizzata. Ogni scelta le sembrava definitiva, ogni errore potenzialmente catastrofico. Il problema? Aveva interiorizzato la voce di troppi adulti che le dicevano come avrebbe dovuto essere il suo futuro. In realt\u00e0 nessuno le aveva mai chiesto cosa volesse davvero lei.<\/p>\n<p>Ho anche visto chi, promosso a leader dopo anni con ruoli solo operativi, \u00e8 andato in crisi. Un salto che avrebbe dovuto essere un traguardo. Invece era diventato una crisi. <em>&#8220;Non mi riconosco pi\u00f9&#8221;<\/em>, mi ha detto. Cambiare ruolo significa cambiare identit\u00e0. La responsabilit\u00e0 mi schiaccia e mi sento sempre sotto esame. E nessuno lo aveva preparato a questo.<\/p>\n<h2>Le transizioni fanno paura perch\u00e9 toccano chi siamo<\/h2>\n<p>Quando cambiamo ruolo \u2014 finiamo gli studi, entriamo nel mercato del lavoro, veniamo promossi, cambiamo settore \u2014 non cambia solo quello che facciamo. Cambia come ci percepiamo. Chi ero? Chi sono adesso? Chi sar\u00f2?<\/p>\n<p>\u00c8 un momento delicato, spesso solitario. E in quel momento la cosa peggiore che pu\u00f2 capitare \u00e8 incontrare qualcuno che ha gi\u00e0 la risposta pronta.<\/p>\n<p>L&#8217;ipnosi costruttivista insegna proprio questo: le risorse sono gi\u00e0 dentro la persona. Non si tratta di aggiungere niente. Si tratta di creare lo spazio giusto perch\u00e9 emergano. <strong>\u201cNon impongo. Accompagno.\u201d<\/strong><\/p>\n<p>Quando qualcuno si sente accompagnato \u2014 non giudicato, non corretto, non &#8220;migliorato&#8221; \u2014 smette di difendersi e inizia a muoversi. \u00c8 cos\u00ec che funziona la fiducia. E la fiducia non si guadagna dopo. Si d\u00e0 prima.<\/p>\n<h2>Un messaggio per gli adulti. E uno per i giovani.<\/h2>\n<p>Se sei un manager, un genitore, un formatore: la tua mappa \u00e8 preziosa. Ma \u00e8 tua. Sviluppa la consapevolezza che non hai la verit\u00e0 assoluta. Dai fiducia prima che venga &#8220;meritata&#8221;. \u00c8 l&#8217;unico modo per non spingere i giovani a chiudersi.<\/p>\n<p>Se sei un giovane in mezzo a una transizione: abbi pazienza con te stesso. Il disorientamento non \u00e8 un segnale che stai sbagliando. \u00c8 il segnale che stai crescendo. Investi su di te \u2014 non per diventare quello che gli altri si aspettano, ma per capire sempre meglio chi sei davvero.<\/p>\n<p>&nbsp;<\/p>\n<p>Andrea Catelli Coach, Autore e Manager<\/p>\n<p>www.andreacatelli.it<\/p>\n","protected":false},"excerpt":{"rendered":"<p>La mappa non \u00e8 il territorio Smettila di voler insegnare e inizia ad accompagnare Quante volte hai sentito un adulto dire a un giovane &#8220;ai miei tempi si faceva cos\u00ec&#8221;? E quante volte hai visto quel giovane chiudersi, annuire e sparire? Ecco il problema. Non i giovani. Quella frase. Ognuno ha la sua mappa. E &hellip; <\/p>\n<p class=\"link-more\"><a href=\"https:\/\/andreacatelli.it\/?p=336\" class=\"more-link\">Leggi tutto<span class=\"screen-reader-text\"> &#8220;La crescita accompagnata&#8221;<\/span><\/a><\/p>\n","protected":false},"author":1,"featured_media":0,"comment_status":"open","ping_status":"open","sticky":false,"template":"","format":"standard","meta":{"footnotes":""},"categories":[1],"tags":[],"class_list":["post-336","post","type-post","status-publish","format-standard","hentry","category-uncategorized"],"yoast_head":"<!-- This site is optimized with the Yoast SEO plugin v20.2.1 - https:\/\/yoast.com\/wordpress\/plugins\/seo\/ -->\n<title>La crescita accompagnata - Coaching, formazione, consulenza<\/title>\n<meta name=\"robots\" content=\"index, follow, max-snippet:-1, max-image-preview:large, max-video-preview:-1\" \/>\n<link rel=\"canonical\" href=\"https:\/\/andreacatelli.it\/?p=336\" \/>\n<meta property=\"og:locale\" content=\"it_IT\" \/>\n<meta property=\"og:type\" content=\"article\" \/>\n<meta property=\"og:title\" content=\"La crescita accompagnata - Coaching, formazione, consulenza\" \/>\n<meta property=\"og:description\" content=\"La mappa non \u00e8 il territorio Smettila di voler insegnare e inizia ad accompagnare Quante volte hai sentito un adulto dire a un giovane &#8220;ai miei tempi si faceva cos\u00ec&#8221;? E quante volte hai visto quel giovane chiudersi, annuire e sparire? Ecco il problema. Non i giovani. Quella frase. Ognuno ha la sua mappa. E &hellip; Leggi tutto &quot;La crescita accompagnata&quot;\" \/>\n<meta property=\"og:url\" content=\"https:\/\/andreacatelli.it\/?p=336\" \/>\n<meta property=\"og:site_name\" content=\"Coaching, formazione, consulenza\" \/>\n<meta property=\"article:published_time\" content=\"2026-03-12T08:00:30+00:00\" \/>\n<meta property=\"article:modified_time\" content=\"2026-03-12T08:01:11+00:00\" \/>\n<meta name=\"author\" content=\"admin\" \/>\n<meta name=\"twitter:card\" content=\"summary_large_image\" \/>\n<meta name=\"twitter:label1\" content=\"Scritto da\" \/>\n\t<meta name=\"twitter:data1\" content=\"admin\" \/>\n\t<meta name=\"twitter:label2\" content=\"Tempo di lettura stimato\" \/>\n\t<meta name=\"twitter:data2\" content=\"4 minuti\" \/>\n<script type=\"application\/ld+json\" class=\"yoast-schema-graph\">{\"@context\":\"https:\/\/schema.org\",\"@graph\":[{\"@type\":\"WebPage\",\"@id\":\"https:\/\/andreacatelli.it\/?p=336\",\"url\":\"https:\/\/andreacatelli.it\/?p=336\",\"name\":\"La crescita accompagnata - Coaching, formazione, consulenza\",\"isPartOf\":{\"@id\":\"https:\/\/andreacatelli.it\/#website\"},\"datePublished\":\"2026-03-12T08:00:30+00:00\",\"dateModified\":\"2026-03-12T08:01:11+00:00\",\"author\":{\"@id\":\"https:\/\/andreacatelli.it\/#\/schema\/person\/ad750b744e8f004cdc6bce433b4c7478\"},\"breadcrumb\":{\"@id\":\"https:\/\/andreacatelli.it\/?p=336#breadcrumb\"},\"inLanguage\":\"it-IT\",\"potentialAction\":[{\"@type\":\"ReadAction\",\"target\":[\"https:\/\/andreacatelli.it\/?p=336\"]}]},{\"@type\":\"BreadcrumbList\",\"@id\":\"https:\/\/andreacatelli.it\/?p=336#breadcrumb\",\"itemListElement\":[{\"@type\":\"ListItem\",\"position\":1,\"name\":\"Home\",\"item\":\"https:\/\/andreacatelli.it\/\"},{\"@type\":\"ListItem\",\"position\":2,\"name\":\"La crescita accompagnata\"}]},{\"@type\":\"WebSite\",\"@id\":\"https:\/\/andreacatelli.it\/#website\",\"url\":\"https:\/\/andreacatelli.it\/\",\"name\":\"Coaching, formazione, consulenza\",\"description\":\"Sviluppa il tuo talento e le potenzialit\u00e0 della tua organizzazione\",\"potentialAction\":[{\"@type\":\"SearchAction\",\"target\":{\"@type\":\"EntryPoint\",\"urlTemplate\":\"https:\/\/andreacatelli.it\/?s={search_term_string}\"},\"query-input\":\"required name=search_term_string\"}],\"inLanguage\":\"it-IT\"},{\"@type\":\"Person\",\"@id\":\"https:\/\/andreacatelli.it\/#\/schema\/person\/ad750b744e8f004cdc6bce433b4c7478\",\"name\":\"admin\",\"sameAs\":[\"https:\/\/andreacatelli.it\"],\"url\":\"https:\/\/andreacatelli.it\/?author=1\"}]}<\/script>\n<!-- \/ Yoast SEO plugin. -->","yoast_head_json":{"title":"La crescita accompagnata - Coaching, formazione, consulenza","robots":{"index":"index","follow":"follow","max-snippet":"max-snippet:-1","max-image-preview":"max-image-preview:large","max-video-preview":"max-video-preview:-1"},"canonical":"https:\/\/andreacatelli.it\/?p=336","og_locale":"it_IT","og_type":"article","og_title":"La crescita accompagnata - Coaching, formazione, consulenza","og_description":"La mappa non \u00e8 il territorio Smettila di voler insegnare e inizia ad accompagnare Quante volte hai sentito un adulto dire a un giovane &#8220;ai miei tempi si faceva cos\u00ec&#8221;? E quante volte hai visto quel giovane chiudersi, annuire e sparire? Ecco il problema. Non i giovani. Quella frase. Ognuno ha la sua mappa. E &hellip; Leggi tutto \"La crescita accompagnata\"","og_url":"https:\/\/andreacatelli.it\/?p=336","og_site_name":"Coaching, formazione, consulenza","article_published_time":"2026-03-12T08:00:30+00:00","article_modified_time":"2026-03-12T08:01:11+00:00","author":"admin","twitter_card":"summary_large_image","twitter_misc":{"Scritto da":"admin","Tempo di lettura stimato":"4 minuti"},"schema":{"@context":"https:\/\/schema.org","@graph":[{"@type":"WebPage","@id":"https:\/\/andreacatelli.it\/?p=336","url":"https:\/\/andreacatelli.it\/?p=336","name":"La crescita accompagnata - Coaching, formazione, consulenza","isPartOf":{"@id":"https:\/\/andreacatelli.it\/#website"},"datePublished":"2026-03-12T08:00:30+00:00","dateModified":"2026-03-12T08:01:11+00:00","author":{"@id":"https:\/\/andreacatelli.it\/#\/schema\/person\/ad750b744e8f004cdc6bce433b4c7478"},"breadcrumb":{"@id":"https:\/\/andreacatelli.it\/?p=336#breadcrumb"},"inLanguage":"it-IT","potentialAction":[{"@type":"ReadAction","target":["https:\/\/andreacatelli.it\/?p=336"]}]},{"@type":"BreadcrumbList","@id":"https:\/\/andreacatelli.it\/?p=336#breadcrumb","itemListElement":[{"@type":"ListItem","position":1,"name":"Home","item":"https:\/\/andreacatelli.it\/"},{"@type":"ListItem","position":2,"name":"La crescita accompagnata"}]},{"@type":"WebSite","@id":"https:\/\/andreacatelli.it\/#website","url":"https:\/\/andreacatelli.it\/","name":"Coaching, formazione, consulenza","description":"Sviluppa il tuo talento e le potenzialit\u00e0 della tua organizzazione","potentialAction":[{"@type":"SearchAction","target":{"@type":"EntryPoint","urlTemplate":"https:\/\/andreacatelli.it\/?s={search_term_string}"},"query-input":"required name=search_term_string"}],"inLanguage":"it-IT"},{"@type":"Person","@id":"https:\/\/andreacatelli.it\/#\/schema\/person\/ad750b744e8f004cdc6bce433b4c7478","name":"admin","sameAs":["https:\/\/andreacatelli.it"],"url":"https:\/\/andreacatelli.it\/?author=1"}]}},"_links":{"self":[{"href":"https:\/\/andreacatelli.it\/index.php?rest_route=\/wp\/v2\/posts\/336","targetHints":{"allow":["GET"]}}],"collection":[{"href":"https:\/\/andreacatelli.it\/index.php?rest_route=\/wp\/v2\/posts"}],"about":[{"href":"https:\/\/andreacatelli.it\/index.php?rest_route=\/wp\/v2\/types\/post"}],"author":[{"embeddable":true,"href":"https:\/\/andreacatelli.it\/index.php?rest_route=\/wp\/v2\/users\/1"}],"replies":[{"embeddable":true,"href":"https:\/\/andreacatelli.it\/index.php?rest_route=%2Fwp%2Fv2%2Fcomments&post=336"}],"version-history":[{"count":4,"href":"https:\/\/andreacatelli.it\/index.php?rest_route=\/wp\/v2\/posts\/336\/revisions"}],"predecessor-version":[{"id":340,"href":"https:\/\/andreacatelli.it\/index.php?rest_route=\/wp\/v2\/posts\/336\/revisions\/340"}],"wp:attachment":[{"href":"https:\/\/andreacatelli.it\/index.php?rest_route=%2Fwp%2Fv2%2Fmedia&parent=336"}],"wp:term":[{"taxonomy":"category","embeddable":true,"href":"https:\/\/andreacatelli.it\/index.php?rest_route=%2Fwp%2Fv2%2Fcategories&post=336"},{"taxonomy":"post_tag","embeddable":true,"href":"https:\/\/andreacatelli.it\/index.php?rest_route=%2Fwp%2Fv2%2Ftags&post=336"}],"curies":[{"name":"wp","href":"https:\/\/api.w.org\/{rel}","templated":true}]}}